[{"@context":"https:\/\/schema.org\/","@type":"Article","@id":"https:\/\/www.sammarkiewi.cz\/proc-se-stale-stehuje-dakarska-rallye\/#Article","mainEntityOfPage":"https:\/\/www.sammarkiewi.cz\/proc-se-stale-stehuje-dakarska-rallye\/","headline":"Pro\u010d se st\u00e1le st\u011bhuje Dakarsk\u00e1 rallye?","name":"Pro\u010d se st\u00e1le st\u011bhuje Dakarsk\u00e1 rallye?","description":"Rallye Pa\u0159\u00ed\u017e &ndash; Dakar je z\u00e1vod, kter\u00fd se \u0159ad\u00ed mezi ty nejn\u00e1ro\u010dn\u011bj\u0161\u00ed. A\u010dkoliv je v jeho n\u00e1zvu slovo &bdquo;rallye&ldquo;, jedn\u00e1 se sp\u00ed\u0161e o z\u00e1vod vytrvalostn\u00ed. &middot;&nbsp;&nbsp;&nbsp;&nbsp;&nbsp;&nbsp;&nbsp; Poprv\u00e9 mohli z\u00e1vodn\u00edci odstartovat u\u017e roku 1979. &middot;&nbsp;&nbsp;&nbsp;&nbsp;&nbsp;&nbsp;&nbsp; P\u016fvodn\u00ed trasa vedla z Pa\u0159\u00ed\u017ee a m\u00ed\u0159ila do Dakaru v Senegalu. Do z\u00e1vodu zas\u00e1hla nep\u0159\u00edzniv\u00e1 politick\u00e1 situace, a tak bylo rozhodnuto [&hellip;]","datePublished":"2023-05-05","dateModified":"2023-05-05","author":{"@type":"Person","@id":"https:\/\/www.sammarkiewi.cz\/author\/#Person","name":"sammarkiewi.cz\n","url":"https:\/\/www.sammarkiewi.cz\/author\/","identifier":1,"image":{"@type":"ImageObject","@id":"https:\/\/secure.gravatar.com\/avatar\/64d58fab86512053c8bb518a6563e7284bb4a3422dc9af0106c3f39575364c7b?s=96&d=mm&r=g","url":"https:\/\/secure.gravatar.com\/avatar\/64d58fab86512053c8bb518a6563e7284bb4a3422dc9af0106c3f39575364c7b?s=96&d=mm&r=g","height":96,"width":96}},"publisher":{"@type":"Organization","name":"sammarkiewi.cz","logo":{"@type":"ImageObject","@id":"\/logo.png","url":"\/logo.png","width":600,"height":60}},"image":{"@type":"ImageObject","@id":"https:\/\/www.sammarkiewi.cz\/wp-content\/uploads\/img_a309435_w2382_t1520334391.jpg","url":"https:\/\/www.sammarkiewi.cz\/wp-content\/uploads\/img_a309435_w2382_t1520334391.jpg","height":0,"width":0},"url":"https:\/\/www.sammarkiewi.cz\/proc-se-stale-stehuje-dakarska-rallye\/","about":["Auto moto"],"wordCount":458,"articleBody":"Rallye Pa\u0159\u00ed\u017e &ndash; Dakar je z\u00e1vod, kter\u00fd se \u0159ad\u00ed mezi ty nejn\u00e1ro\u010dn\u011bj\u0161\u00ed. A\u010dkoliv je v jeho n\u00e1zvu slovo &bdquo;rallye&ldquo;, jedn\u00e1 se sp\u00ed\u0161e o z\u00e1vod vytrvalostn\u00ed.&middot;&nbsp;&nbsp;&nbsp;&nbsp;&nbsp;&nbsp;&nbsp; Poprv\u00e9 mohli z\u00e1vodn\u00edci odstartovat u\u017e roku 1979.&middot;&nbsp;&nbsp;&nbsp;&nbsp;&nbsp;&nbsp;&nbsp; P\u016fvodn\u00ed trasa vedla z Pa\u0159\u00ed\u017ee a m\u00ed\u0159ila do Dakaru v Senegalu.Do z\u00e1vodu zas\u00e1hla nep\u0159\u00edzniv\u00e1 politick\u00e1 situace, a tak bylo rozhodnuto o zm\u011bn\u011b trasy. A\u017e do roku 1994 byl za\u010d\u00e1tek z\u00e1vodu v\u017edy v Pa\u0159\u00ed\u017ei, jen\u017ee i tady vznikly probl\u00e9my a muselo se p\u0159istoupit k ur\u010dit\u00fdm zm\u011bn\u00e1m. N\u00e1sleduj\u00edc\u00edho roku u\u017e by se z\u00e1vod mohl jmenovat Rallye Granada &ndash; Dakar. Tentokr\u00e1t v\u0161ak nebyla p\u0159\u00ed\u010dinou st\u011bhov\u00e1n\u00ed politick\u00e1 situace, ale st\u00ed\u017enosti starosty m\u011bsta Pa\u0159\u00ed\u017ee. Div\u00e1ci i z\u00e1vodn\u00edci jsou ale toho n\u00e1zoru, \u017ee ne v\u017edy je p\u0159es\u00eddlen\u00ed z\u00e1vodu ke \u0161kod\u011b v\u011bci. Etapy, kter\u00e9 se organiz\u00e1to\u0159i rozhodli v\u00e9st p\u0159ed p\u00edse\u010dn\u00e9 duny a ka\u0148ony v maurit\u00e1nsk\u00e9 oblasti, se jev\u00ed v\u0161em nejdobrodru\u017en\u011bj\u0161\u00edmi m\u00edsty z cel\u00e9ho z\u00e1vodu.o&nbsp;&nbsp; Z\u00e1vod ale musel b\u00fdt op\u011bt p\u0159est\u011bhov\u00e1n.o&nbsp;&nbsp; A op\u011bt v tom byla politika.o&nbsp;&nbsp; Tentokr\u00e1t m\u011bli organiz\u00e1to\u0159i opr\u00e1vn\u011bn\u00e9 obavy o \u017eivoty \u00fa\u010dastn\u00edk\u016f z\u00e1vod\u016f.o&nbsp;&nbsp; Roku 2008 do\u0161lo v Mauret\u00e1nii k teroristick\u00e9mu \u00fatoku.o&nbsp;&nbsp; Jeliko\u017e to bylo pouh\u00fd t\u00fdden p\u0159ed samotn\u00fdmi z\u00e1vody, byl z\u00e1vod rad\u011bji zru\u0161en.Slavn\u00e1 rallye putovala op\u011bt o kousek d\u00e1l. Tentokr\u00e1t zakotvila v Ji\u017en\u00ed Americe. Start i c\u00edl z\u00e1vodu byl stanoven v Buenos Aires.&nbsp; N\u00e1sleduj\u00edc\u00ed roky se m\u011bsta op\u011bt za\u010dala st\u0159\u00eddat. Ke slovu se dostalo nap\u0159\u00edklad i m\u011bsto Lima.\tP\u0159\u00edb\u011bh se \u0161\u0165astn\u00fdm koncemDakarsk\u00e1 rallye je zn\u00e1m\u00e1 i t\u00edm, \u017ee se nikdy neobejde bez ne\u010dekan\u00fdch situac\u00ed. N\u011bkdy jsou jejich konce tragick\u00e9, ale n\u011bkdy kon\u010d\u00ed p\u0159\u00edb\u011bhy happyendem. Jako v p\u0159\u00edpad\u011b syna britsk\u00e9 premi\u00e9rky Margaret Thatcherov\u00e9, kter\u00fd se roku 1982 i se sv\u00fdm spolujezdcem a mechanikem ztratil. \u0160est dn\u016f byli v\u0161ichni t\u0159i poh\u0159e\u0161ov\u00e1ni. Zah\u00e1jilo se rozs\u00e1hl\u00e9 p\u00e1tr\u00e1n\u00ed, kter\u00e9 skon\u010dilo nalezen\u00edm v\u0161ech t\u0159\u00ed mlad\u00fdch mu\u017e\u016f. Nakonec je objevil p\u00e1trac\u00ed arm\u00e1dn\u00ed letoun. V\u0161ichni t\u0159i byli nezran\u011bni.&nbsp;                                                                                                                                                                                                                                                                                                                                                                                        3.8\/5 - (5 votes)        "},{"@context":"https:\/\/schema.org\/","@type":"BreadcrumbList","itemListElement":[{"@type":"ListItem","position":1,"name":"Pro\u010d se st\u00e1le st\u011bhuje Dakarsk\u00e1 rallye?","item":"https:\/\/www.sammarkiewi.cz\/proc-se-stale-stehuje-dakarska-rallye\/#breadcrumbitem"}]}]