[{"@context":"https:\/\/schema.org\/","@type":"Article","@id":"https:\/\/www.sammarkiewi.cz\/privatni-sauna\/#Article","mainEntityOfPage":"https:\/\/www.sammarkiewi.cz\/privatni-sauna\/","headline":"Priv\u00e1tn\u00ed sauna","name":"Priv\u00e1tn\u00ed sauna","description":"Priv\u00e1tn\u00ed sauna V\u00edte \u017ee, ve Finsku maj\u00ed saunu v ka\u017ed\u00e9m soukrom\u00e9m dome\u010dku? A nejen to, dokonce je to i vestav\u011bn\u00e1 m\u00edstnost v patrov\u00fdch domech, tj. v panel\u00e1c\u00edch. Kdo z n\u00e1s by necht\u011bl m\u00edt tak\u00e9 takovou priv\u00e1tn\u00ed saunu doma, \u017ee? Priv\u00e1tn\u00ed sauna priv\u00e1tn\u00ed sauny &#8211; to je n\u00e1pad! Vyhra\u010fte si p\u0159i stav\u011bn\u00ed novostavby tak\u00e9 tuto m\u00edstnost [&hellip;]","datePublished":"2025-03-04","dateModified":"2025-03-04","author":{"@type":"Person","@id":"https:\/\/www.sammarkiewi.cz\/author\/#Person","name":"sammarkiewi.cz\n","url":"https:\/\/www.sammarkiewi.cz\/author\/","identifier":1,"image":{"@type":"ImageObject","@id":"https:\/\/secure.gravatar.com\/avatar\/64d58fab86512053c8bb518a6563e7284bb4a3422dc9af0106c3f39575364c7b?s=96&d=mm&r=g","url":"https:\/\/secure.gravatar.com\/avatar\/64d58fab86512053c8bb518a6563e7284bb4a3422dc9af0106c3f39575364c7b?s=96&d=mm&r=g","height":96,"width":96}},"publisher":{"@type":"Organization","name":"sammarkiewi.cz","logo":{"@type":"ImageObject","@id":"\/logo.png","url":"\/logo.png","width":600,"height":60}},"url":"https:\/\/www.sammarkiewi.cz\/privatni-sauna\/","wordCount":181,"articleBody":"Priv\u00e1tn\u00ed saunaV\u00edte \u017ee, ve Finsku maj\u00ed saunu v ka\u017ed\u00e9m soukrom\u00e9m dome\u010dku? A nejen to, dokonce je to i vestav\u011bn\u00e1 m\u00edstnost v patrov\u00fdch domech, tj. v panel\u00e1c\u00edch. Kdo z n\u00e1s by necht\u011bl m\u00edt tak\u00e9 takovou priv\u00e1tn\u00ed saunu doma, \u017ee?Priv\u00e1tn\u00ed saunapriv\u00e1tn\u00ed sauny &#8211; to je n\u00e1pad! Vyhra\u010fte si p\u0159i stav\u011bn\u00ed novostavby tak\u00e9 tuto m\u00edstnost pro k\u00fd\u017eenou relaxaci. Va\u0161i bl\u00edzc\u00ed i sousedi v\u00e1m budou z\u00e1vid\u011bt! To v\u00e1m garantujeme, proto\u017ee saunovan\u00ed je in!M\u016f\u017eete ji pronaj\u00edmatPro\u010d si neza\u0159\u00eddit priv\u00e1tn\u00ed saunu doma v dome\u010dku? Nen\u00ed nic jednodu\u0161\u0161\u00edho, ne\u017e si ji za\u0159\u00eddit n\u00e1sledn\u011b i k v\u00fdd\u011ble\u010dn\u00fdm \u00fa\u010del\u016fm. Nap\u0159\u00edklad jako pron\u00e1jem pro va\u0161e kamar\u00e1dy, kte\u0159\u00ed jisto jist\u011b ocen\u00ed zn\u00e1m\u00e9 a rodinn\u00e9 prost\u0159ed\u00ed. I pro vzd\u00e1len\u011bj\u0161\u00ed rodinn\u00e9 p\u0159\u00edslu\u0161n\u00edky m\u016f\u017eete poskytnout pohodov\u00fd odpo\u010dinek. Pak se u v\u00e1s dve\u0159e netrhnou!                                                                                                                                                                                                                                                                                                                                                                                                "},{"@context":"https:\/\/schema.org\/","@type":"BreadcrumbList","itemListElement":[{"@type":"ListItem","position":1,"name":"Priv\u00e1tn\u00ed sauna","item":"https:\/\/www.sammarkiewi.cz\/privatni-sauna\/#breadcrumbitem"}]}]