{"@context":"https:\/\/schema.org\/","@type":"CollectionPage","@id":"https:\/\/www.sammarkiewi.cz\/krasa\/#CollectionPage","headline":"Kr\u00e1sa Category","description":"","url":"https:\/\/www.sammarkiewi.cz\/krasa\/","hasPart":[{"@type":"Article","@id":"https:\/\/www.sammarkiewi.cz\/jak-dulezita-je-sebelaska\/","headline":"Jak d\u016fle\u017eit\u00e1 je sebel\u00e1ska","url":"https:\/\/www.sammarkiewi.cz\/jak-dulezita-je-sebelaska\/","datePublished":"2023-05-05","dateModified":"2023-05-05","mainEntityOfPage":"https:\/\/www.sammarkiewi.cz\/jak-dulezita-je-sebelaska\/","author":{"@type":"Person","@id":"https:\/\/www.sammarkiewi.cz\/author\/#Person","name":"sammarkiewi.cz\n","url":"https:\/\/www.sammarkiewi.cz\/author\/","identifier":1,"image":{"@type":"ImageObject","@id":"https:\/\/secure.gravatar.com\/avatar\/64d58fab86512053c8bb518a6563e7284bb4a3422dc9af0106c3f39575364c7b?s=96&d=mm&r=g","url":"https:\/\/secure.gravatar.com\/avatar\/64d58fab86512053c8bb518a6563e7284bb4a3422dc9af0106c3f39575364c7b?s=96&d=mm&r=g","height":96,"width":96}},"publisher":{"@type":"Organization","name":"sammarkiewi.cz","logo":{"@type":"ImageObject","@id":"\/logo.png","url":"\/logo.png","width":600,"height":60}},"image":{"@type":"ImageObject","@id":"https:\/\/www.sammarkiewi.cz\/wp-content\/uploads\/img_a340644_w2382_t1553584535.jpg","url":"https:\/\/www.sammarkiewi.cz\/wp-content\/uploads\/img_a340644_w2382_t1553584535.jpg","height":0,"width":0},"keywords":null},{"@type":"Article","@id":"https:\/\/www.sammarkiewi.cz\/kosmetika-netestovana-na-zviratech\/","headline":"Kosmetika netestovan\u00e1 na zv\u00ed\u0159atech","url":"https:\/\/www.sammarkiewi.cz\/kosmetika-netestovana-na-zviratech\/","datePublished":"2023-05-05","dateModified":"2023-05-05","mainEntityOfPage":"https:\/\/www.sammarkiewi.cz\/kosmetika-netestovana-na-zviratech\/","author":{"@type":"Person","@id":"https:\/\/www.sammarkiewi.cz\/author\/#Person","name":"sammarkiewi.cz\n","url":"https:\/\/www.sammarkiewi.cz\/author\/","identifier":1,"image":{"@type":"ImageObject","@id":"https:\/\/secure.gravatar.com\/avatar\/64d58fab86512053c8bb518a6563e7284bb4a3422dc9af0106c3f39575364c7b?s=96&d=mm&r=g","url":"https:\/\/secure.gravatar.com\/avatar\/64d58fab86512053c8bb518a6563e7284bb4a3422dc9af0106c3f39575364c7b?s=96&d=mm&r=g","height":96,"width":96}},"publisher":{"@type":"Organization","name":"sammarkiewi.cz","logo":{"@type":"ImageObject","@id":"\/logo.png","url":"\/logo.png","width":600,"height":60}},"image":{"@type":"ImageObject","@id":"https:\/\/www.sammarkiewi.cz\/wp-content\/uploads\/img_a307485_w2382_t1518726715.jpg","url":"https:\/\/www.sammarkiewi.cz\/wp-content\/uploads\/img_a307485_w2382_t1518726715.jpg","height":0,"width":0},"keywords":null},{"@type":"Article","@id":"https:\/\/www.sammarkiewi.cz\/snizovani-krevniho-tlaku-prirodni-cestou\/","headline":"Sni\u017eov\u00e1n\u00ed krevn\u00edho tlaku p\u0159\u00edrodn\u00ed cestou","url":"https:\/\/www.sammarkiewi.cz\/snizovani-krevniho-tlaku-prirodni-cestou\/","datePublished":"2023-05-05","dateModified":"2023-05-05","mainEntityOfPage":"https:\/\/www.sammarkiewi.cz\/snizovani-krevniho-tlaku-prirodni-cestou\/","author":{"@type":"Person","@id":"https:\/\/www.sammarkiewi.cz\/author\/#Person","name":"sammarkiewi.cz\n","url":"https:\/\/www.sammarkiewi.cz\/author\/","identifier":1,"image":{"@type":"ImageObject","@id":"https:\/\/secure.gravatar.com\/avatar\/64d58fab86512053c8bb518a6563e7284bb4a3422dc9af0106c3f39575364c7b?s=96&d=mm&r=g","url":"https:\/\/secure.gravatar.com\/avatar\/64d58fab86512053c8bb518a6563e7284bb4a3422dc9af0106c3f39575364c7b?s=96&d=mm&r=g","height":96,"width":96}},"publisher":{"@type":"Organization","name":"sammarkiewi.cz","logo":{"@type":"ImageObject","@id":"\/logo.png","url":"\/logo.png","width":600,"height":60}},"image":{"@type":"ImageObject","@id":"https:\/\/www.sammarkiewi.cz\/wp-content\/uploads\/img_a305349_w2382_t1516878010.jpg","url":"https:\/\/www.sammarkiewi.cz\/wp-content\/uploads\/img_a305349_w2382_t1516878010.jpg","height":0,"width":0},"keywords":null},{"@type":"Article","@id":"https:\/\/www.sammarkiewi.cz\/dejte-svym-vlasum-druhou-sanci\/","headline":"Dejte sv\u00fdm vlas\u016fm druhou \u0161anci","url":"https:\/\/www.sammarkiewi.cz\/dejte-svym-vlasum-druhou-sanci\/","datePublished":"2023-05-05","dateModified":"2023-05-05","mainEntityOfPage":"https:\/\/www.sammarkiewi.cz\/dejte-svym-vlasum-druhou-sanci\/","author":{"@type":"Person","@id":"https:\/\/www.sammarkiewi.cz\/author\/#Person","name":"sammarkiewi.cz\n","url":"https:\/\/www.sammarkiewi.cz\/author\/","identifier":1,"image":{"@type":"ImageObject","@id":"https:\/\/secure.gravatar.com\/avatar\/64d58fab86512053c8bb518a6563e7284bb4a3422dc9af0106c3f39575364c7b?s=96&d=mm&r=g","url":"https:\/\/secure.gravatar.com\/avatar\/64d58fab86512053c8bb518a6563e7284bb4a3422dc9af0106c3f39575364c7b?s=96&d=mm&r=g","height":96,"width":96}},"publisher":{"@type":"Organization","name":"sammarkiewi.cz","logo":{"@type":"ImageObject","@id":"\/logo.png","url":"\/logo.png","width":600,"height":60}},"image":null,"keywords":null},{"@type":"Article","@id":"https:\/\/www.sammarkiewi.cz\/vyrabime-peeling\/","headline":"Vyr\u00e1b\u00edme peeling","url":"https:\/\/www.sammarkiewi.cz\/vyrabime-peeling\/","datePublished":"2018-09-22","dateModified":"2023-05-05","mainEntityOfPage":"https:\/\/www.sammarkiewi.cz\/vyrabime-peeling\/","author":{"@type":"Person","@id":"https:\/\/www.sammarkiewi.cz\/author\/#Person","name":"sammarkiewi.cz\n","url":"https:\/\/www.sammarkiewi.cz\/author\/","identifier":1,"image":{"@type":"ImageObject","@id":"https:\/\/secure.gravatar.com\/avatar\/64d58fab86512053c8bb518a6563e7284bb4a3422dc9af0106c3f39575364c7b?s=96&d=mm&r=g","url":"https:\/\/secure.gravatar.com\/avatar\/64d58fab86512053c8bb518a6563e7284bb4a3422dc9af0106c3f39575364c7b?s=96&d=mm&r=g","height":96,"width":96}},"publisher":{"@type":"Organization","name":"sammarkiewi.cz","logo":{"@type":"ImageObject","@id":"\/logo.png","url":"\/logo.png","width":600,"height":60}},"image":{"@type":"ImageObject","@id":"https:\/\/www.sammarkiewi.cz\/wp-content\/uploads\/img_a325535_w2382_t1537431034.jpg","url":"https:\/\/www.sammarkiewi.cz\/wp-content\/uploads\/img_a325535_w2382_t1537431034.jpg","height":0,"width":0},"keywords":null},{"@type":"Article","@id":"https:\/\/www.sammarkiewi.cz\/bolest-kloubu-neni-problemem-veku\/","headline":"Bolest kloub\u016f nen\u00ed probl\u00e9mem v\u011bku","url":"https:\/\/www.sammarkiewi.cz\/bolest-kloubu-neni-problemem-veku\/","datePublished":"2018-04-15","dateModified":"2023-05-05","mainEntityOfPage":"https:\/\/www.sammarkiewi.cz\/bolest-kloubu-neni-problemem-veku\/","author":{"@type":"Person","@id":"https:\/\/www.sammarkiewi.cz\/author\/#Person","name":"sammarkiewi.cz\n","url":"https:\/\/www.sammarkiewi.cz\/author\/","identifier":1,"image":{"@type":"ImageObject","@id":"https:\/\/secure.gravatar.com\/avatar\/64d58fab86512053c8bb518a6563e7284bb4a3422dc9af0106c3f39575364c7b?s=96&d=mm&r=g","url":"https:\/\/secure.gravatar.com\/avatar\/64d58fab86512053c8bb518a6563e7284bb4a3422dc9af0106c3f39575364c7b?s=96&d=mm&r=g","height":96,"width":96}},"publisher":{"@type":"Organization","name":"sammarkiewi.cz","logo":{"@type":"ImageObject","@id":"\/logo.png","url":"\/logo.png","width":600,"height":60}},"image":{"@type":"ImageObject","@id":"https:\/\/www.sammarkiewi.cz\/wp-content\/uploads\/img_a313680_w2382_t1524552169.jpg","url":"https:\/\/www.sammarkiewi.cz\/wp-content\/uploads\/img_a313680_w2382_t1524552169.jpg","height":0,"width":0},"keywords":null},{"@type":"Article","@id":"https:\/\/www.sammarkiewi.cz\/myslete-na-svoje-finance\/","headline":"Myslete na svoje finance","url":"https:\/\/www.sammarkiewi.cz\/myslete-na-svoje-finance\/","datePublished":"2017-06-11","dateModified":"2023-05-05","mainEntityOfPage":"https:\/\/www.sammarkiewi.cz\/myslete-na-svoje-finance\/","author":{"@type":"Person","@id":"https:\/\/www.sammarkiewi.cz\/author\/#Person","name":"sammarkiewi.cz\n","url":"https:\/\/www.sammarkiewi.cz\/author\/","identifier":1,"image":{"@type":"ImageObject","@id":"https:\/\/secure.gravatar.com\/avatar\/64d58fab86512053c8bb518a6563e7284bb4a3422dc9af0106c3f39575364c7b?s=96&d=mm&r=g","url":"https:\/\/secure.gravatar.com\/avatar\/64d58fab86512053c8bb518a6563e7284bb4a3422dc9af0106c3f39575364c7b?s=96&d=mm&r=g","height":96,"width":96}},"publisher":{"@type":"Organization","name":"sammarkiewi.cz","logo":{"@type":"ImageObject","@id":"\/logo.png","url":"\/logo.png","width":600,"height":60}},"image":{"@type":"ImageObject","@id":"https:\/\/www.sammarkiewi.cz\/wp-content\/uploads\/img_a292631_w1693_t1505121962.jpg","url":"https:\/\/www.sammarkiewi.cz\/wp-content\/uploads\/img_a292631_w1693_t1505121962.jpg","height":0,"width":0},"keywords":null}]}