[{"@context":"https:\/\/schema.org\/","@type":"Article","@id":"https:\/\/www.sammarkiewi.cz\/kontejnery-na-vase-veci\/#Article","mainEntityOfPage":"https:\/\/www.sammarkiewi.cz\/kontejnery-na-vase-veci\/","headline":"Kontejnery na va\u0161e v\u011bci","name":"Kontejnery na va\u0161e v\u011bci","description":"Je to u\u017e opravdu hodn\u011b dlouho, kdy jsem se st\u011bhovala, cht\u011bla jsem se st\u011bhovat z Brna p\u0159est\u011bhovat do Prahy. Potom jsem je\u0161t\u011b chv\u00edli bydlela tedy v \u010cesk\u00fdch Bud\u011bjovic\u00edch, kde jsem m\u011bla zam\u011bstn\u00e1n\u00ed a kde jsem si tak\u00e9 na\u0161la partnera. Jenom\u017ee po \u010dase tato firma zkrachovala, kde jsem pracovala u\u017e t\u0159et\u00edm rokem. Byla jsem z toho [&hellip;]","datePublished":"2023-10-24","dateModified":"2023-12-27","author":{"@type":"Person","@id":"https:\/\/www.sammarkiewi.cz\/author\/#Person","name":"sammarkiewi.cz\n","url":"https:\/\/www.sammarkiewi.cz\/author\/","identifier":1,"image":{"@type":"ImageObject","@id":"https:\/\/secure.gravatar.com\/avatar\/64d58fab86512053c8bb518a6563e7284bb4a3422dc9af0106c3f39575364c7b?s=96&d=mm&r=g","url":"https:\/\/secure.gravatar.com\/avatar\/64d58fab86512053c8bb518a6563e7284bb4a3422dc9af0106c3f39575364c7b?s=96&d=mm&r=g","height":96,"width":96}},"publisher":{"@type":"Organization","name":"sammarkiewi.cz","logo":{"@type":"ImageObject","@id":"\/logo.png","url":"\/logo.png","width":600,"height":60}},"image":{"@type":"ImageObject","@id":"https:\/\/www.sammarkiewi.cz\/wp-content\/uploads\/freighter-3478685_1280.jpg","url":"https:\/\/www.sammarkiewi.cz\/wp-content\/uploads\/freighter-3478685_1280.jpg","height":0,"width":0},"url":"https:\/\/www.sammarkiewi.cz\/kontejnery-na-vase-veci\/","about":["Online"],"wordCount":407,"articleBody":"   Je to u\u017e opravdu hodn\u011b dlouho, kdy jsem se st\u011bhovala, cht\u011bla jsem se st\u011bhovat z Brna p\u0159est\u011bhovat do Prahy. Potom jsem je\u0161t\u011b chv\u00edli bydlela tedy v \u010cesk\u00fdch Bud\u011bjovic\u00edch, kde jsem m\u011bla zam\u011bstn\u00e1n\u00ed a kde jsem si tak\u00e9 na\u0161la partnera. Jenom\u017ee po \u010dase tato firma zkrachovala, kde jsem pracovala u\u017e t\u0159et\u00edm rokem. Byla jsem z toho opravdu tak ne\u0161\u0165astn\u00e1, \u017ee jsem asi byla hodn\u011b protivn\u00e1, proto\u017ee m\u011b tak\u00e9 opustil m\u016fj partner. Partner mi \u0159ekl, \u017ee jsem opravdu hodn\u011b protivn\u00e1, \u017ee u\u017e to se mnou nevydr\u017e\u00ed. Tak\u017ee jsem se rozhodla, \u017ee se nakonec z \u010cesk\u00fdch Bud\u011bjovic p\u0159est\u011bhuji do Prahy, kde jsem se narodila a kde jsem bydlela do sv\u00fdch p\u011bti let.A proto\u017ee jsem si nem\u011bla kam d\u00e1t v\u011bci a m\u016fj partner u\u017e necht\u011bl m\u00e9 v\u011bci ve sv\u00e9m byt\u011b, tak jsem si v Praze pronajala kontejner. Je to docela prima. Samoz\u0159ejm\u011b, \u017ee si tak\u00e9 v Praze m\u016f\u017eete pronajmout sklady, ale j\u00e1 jsem cht\u011bla n\u011bco levn\u011bj\u0161\u00edho. A jenom tak na chv\u00edli, tak\u017ee jsem si pronajala jenom v Praze kontejner. Mus\u00edm uznat, \u017ee jsem byla p\u0159ekvapen\u00e1, \u017ee tyto kontejnery v Praze, kter\u00e9 si chcete pronajmout, jsou opravdu \u010dist\u00e9 a pevn\u00e9. \u0158ekla jsem si, \u017ee jsou tak\u00e9 opravdu skv\u011ble zabezpe\u010den\u00e9, kdy mi daj\u00ed z\u00e1ruku, \u017ee se tam jenom tak n\u011bjak\u00fd zlod\u011bj nedostane. Dostala jsem tak\u00e9 z\u00e1mek, kter\u00fd jsem st\u00e1le nosila p\u0159i sob\u011b. Kdybych n\u00e1hodou cht\u011bla si vl\u00e9zt do pronajat\u00e9ho kontejneru v Praze. Aby si tam mohla vz\u00edt n\u011bjak\u00e9 v\u011bci. \u0158eknu v\u00e1m, \u017ee v tomto kontejneru v Praze jsem m\u011bla opravdu v\u0161echny d\u016fle\u017eit\u00e9 a osobn\u00ed v\u011bci. Dokonce jsem tam tak\u00e9 musela jednu noc p\u0159espat, proto\u017ee mi ujel posledn\u00ed vlak k rodi\u010d\u016fm, tak jsem nem\u011bla kde b\u00fdt a nem\u011bla jsem na to, abych si pronajala n\u011bjak\u00fd hotel anebo n\u011bjakou ubytovnu. To u\u017e je jedno. Na\u0161t\u011bst\u00ed ale bylo l\u00e9to p\u0159es noc bylo dvacet stup\u0148\u016f, tak\u017ee to bylo opravdu hodn\u011b p\u0159\u00edjemn\u00e9. Pokud v\u00e1s zaj\u00edm\u00e1 cena pron\u00e1jmu kontejneru v Praze, tak cena je opravdu p\u0159\u00edv\u011btiv\u00e1. Rozhodn\u011b v\u00e1s to nezruinuje.                                                                                                                                                                                                                                                                                                                                                                                           4\/5 - (11 votes)        "},{"@context":"https:\/\/schema.org\/","@type":"BreadcrumbList","itemListElement":[{"@type":"ListItem","position":1,"name":"Kontejnery na va\u0161e v\u011bci","item":"https:\/\/www.sammarkiewi.cz\/kontejnery-na-vase-veci\/#breadcrumbitem"}]}]