[{"@context":"https:\/\/schema.org\/","@type":"Article","@id":"https:\/\/www.sammarkiewi.cz\/jak-dulezita-je-sebelaska\/#Article","mainEntityOfPage":"https:\/\/www.sammarkiewi.cz\/jak-dulezita-je-sebelaska\/","headline":"Jak d\u016fle\u017eit\u00e1 je sebel\u00e1ska","name":"Jak d\u016fle\u017eit\u00e1 je sebel\u00e1ska","description":"\u017deny, kter\u00e9 se l\u00ed\u010d\u00ed a \u017eeny, kter\u00e9 ne, maj\u00ed mezi sebou oded\u00e1vna rozpory v&nbsp;n\u00e1zorech na to, co je kr\u00e1sn\u00e9 a co ne. P\u0159\u00edrodn\u00ed kr\u00e1sa je ur\u010dit\u011b nezam\u011bniteln\u00e1 a m\u011bli bychom ji vyzdvihat, co nejv\u00fd\u0161e to jde. Jen\u017ee bohu\u017eel, n\u011bkter\u00e9 \u017eeny a d\u00edvky se nec\u00edt\u00ed dob\u0159e ve vlastn\u00ed k\u016f\u017ei. M\u016f\u017ee to b\u00fdt nap\u0159\u00edklad problematickou plet\u00ed v&nbsp;podob\u011b [&hellip;]","datePublished":"2023-05-05","dateModified":"2023-05-05","author":{"@type":"Person","@id":"https:\/\/www.sammarkiewi.cz\/author\/#Person","name":"sammarkiewi.cz\n","url":"https:\/\/www.sammarkiewi.cz\/author\/","identifier":1,"image":{"@type":"ImageObject","@id":"https:\/\/secure.gravatar.com\/avatar\/64d58fab86512053c8bb518a6563e7284bb4a3422dc9af0106c3f39575364c7b?s=96&d=mm&r=g","url":"https:\/\/secure.gravatar.com\/avatar\/64d58fab86512053c8bb518a6563e7284bb4a3422dc9af0106c3f39575364c7b?s=96&d=mm&r=g","height":96,"width":96}},"publisher":{"@type":"Organization","name":"sammarkiewi.cz","logo":{"@type":"ImageObject","@id":"\/logo.png","url":"\/logo.png","width":600,"height":60}},"image":{"@type":"ImageObject","@id":"https:\/\/www.sammarkiewi.cz\/wp-content\/uploads\/img_a340644_w2382_t1553584535.jpg","url":"https:\/\/www.sammarkiewi.cz\/wp-content\/uploads\/img_a340644_w2382_t1553584535.jpg","height":0,"width":0},"url":"https:\/\/www.sammarkiewi.cz\/jak-dulezita-je-sebelaska\/","about":["Kr\u00e1sa"],"wordCount":560,"articleBody":"\u017deny, kter\u00e9 se l\u00ed\u010d\u00ed a \u017eeny, kter\u00e9 ne, maj\u00ed mezi sebou oded\u00e1vna rozpory v&nbsp;n\u00e1zorech na to, co je kr\u00e1sn\u00e9 a co ne.P\u0159\u00edrodn\u00ed kr\u00e1sa je ur\u010dit\u011b nezam\u011bniteln\u00e1 a m\u011bli bychom ji vyzdvihat, co nejv\u00fd\u0161e to jde. Jen\u017ee bohu\u017eel, n\u011bkter\u00e9 \u017eeny a d\u00edvky se nec\u00edt\u00ed dob\u0159e ve vlastn\u00ed k\u016f\u017ei. M\u016f\u017ee to b\u00fdt nap\u0159\u00edklad problematickou plet\u00ed v&nbsp;podob\u011b akn\u00e9, such\u00e9 poko\u017eky nebo jim t\u0159eba p\u0159ipad\u00e1, \u017ee maj\u00ed nehezk\u00e9 obo\u010d\u00ed, neviditeln\u00e9 \u0159asy a tak d\u00e1le. D\u016fvod\u016f pro\u010d se c\u00edt\u00ed \u0161patn\u011b, m\u016f\u017ee b\u00fdt mnoho. No a jak u\u017e je asi z\u0159ejm\u00e9, \u0159e\u0161en\u00ed nach\u00e1z\u00ed v&nbsp;l\u00ed\u010den\u00ed, kter\u00e9 zakryje problematickou ple\u0165, vytvaruje obo\u010d\u00ed do po\u017eadovan\u00e9ho tvaru, zviditeln\u00ed \u0159asy, zd\u016frazn\u00ed plnost jejich rt\u016f a dal\u0161\u00ed. P\u0159i pohledu do zrcadla se pak namalovan\u00e1 c\u00edt\u00ed spokojen\u00e1 sama se sebou a celkov\u011b je sebev\u011bdom\u011bj\u0161\u00ed.Jen\u017ee pak p\u0159ijde jin\u00e1 z\u00e1stupkyn\u011b n\u011b\u017en\u011bj\u0161\u00edho pohlav\u00ed, kter\u00e1 se nikdy nel\u00ed\u010dila, ned\u011bl\u00e1 j\u00ed probl\u00e9m j\u00edt na ve\u0159ejnost naprosto nenamalovan\u00e1 a jen nech\u00e1pe, pro\u010d ty ostatn\u00ed vypadaj\u00ed v&nbsp;n\u011bkter\u00fdch p\u0159\u00edpadech, jako by na sob\u011b m\u011bly masku v&nbsp;podob\u011b make-upu. Z\u00e1rove\u0148 ale tyto d\u00e1my nikdy nem\u011bly tolik probl\u00e9m\u016f, miluj\u00ed sv\u016fj vzhled takov\u00fd, jak\u00fd jim byl d\u00e1n, a nikdy neza\u017eily pocit toho, \u017ee se na n\u011b okol\u00ed d\u00edv\u00e1 jako na n\u011bkoho nep\u011bkn\u00e9ho.V&nbsp;obou p\u0159\u00edpadech je sm\u00edtko pravdy a pot\u0159eby se nad n\u011b\u010d\u00edm zamyslet. Pokud se \u017eena c\u00edt\u00ed spatn\u011b, a\u0165 u\u017e z&nbsp;jak\u00e9hokoliv d\u016fvodu se sv\u00fdm obli\u010dejem a pom\u00e1h\u00e1 j\u00ed make-up, nem\u011blo by se j\u00ed br\u00e1nit, z\u00e1rove\u0148 je ale t\u0159eba, aby pracovala na tom, m\u00edt sama sebe r\u00e1da takovou, jak\u00e1 doopravdy je a nestyd\u011bt se sama za sebe, proto\u017ee se to negativn\u011b odr\u00e1\u017e\u00ed na jej\u00edm sebev\u011bdom\u00ed. Nav\u00edc to, \u017ee si n\u011bkter\u00e1 o sob\u011b mysl\u00ed, jak nen\u00ed \u0161kared\u00e1, je\u0161t\u011b neznamen\u00e1, \u017ee ji tak vid\u00ed i jej\u00ed okol\u00ed. \u010casto se toti\u017e m\u016f\u017ee st\u00e1t, \u017ee ostatn\u00ed ji vid\u00ed jako n\u00e1dhernou bytost, zat\u00edmco ona sebe jako o\u0161klivku.Pokud m\u00e1te ve sv\u00e9m okol\u00ed n\u011bjakou kamar\u00e1dku nebo Vy sama si p\u0159ipad\u00e1te nedokonal\u00e1 ve sv\u00e9m vzhledu, p\u0159ipome\u0148te p\u0159\u00edtelkyni nebo sama sob\u011b, aby se koukla do zrcadla. Na\u0161la na sob\u011b v\u011bci, kter\u00e9 se j\u00ed l\u00edb\u00ed a na kter\u00e9 je py\u0161n\u00e1 a na ty se soust\u0159edila. Nav\u00edc, a\u010d si to n\u011bkdo nechce p\u0159iznat nebo si to v\u016fbec neuv\u011bdomuje, atraktivita nen\u00ed \u00fapln\u011b tak o vzhledu, jako o tom, co z&nbsp;ka\u017ed\u00e9 z&nbsp;n\u00e1s vyza\u0159uje. Pokud je to nechu\u0165 sama nad sebou, okol\u00ed si toho v\u0161imne a bude z&nbsp;V\u00e1s c\u00edtit negativn\u00ed energii. Ov\u0161em pokud budete h\u00fd\u0159it zdrav\u00fdm sebev\u011bdom\u00edm a budete se c\u00edtit p\u0159ita\u017eliv\u00e1 a hezk\u00e1, v\u0161ichni okolo to uc\u00edt\u00ed a budou se s&nbsp;osobou, jakou jste vy sp\u0159\u00e1telit a d\u00e1t se do \u0159e\u010di.                                                                                                                                                                                                                                                                                                                                                                                        4.3\/5 - (9 votes)        "},{"@context":"https:\/\/schema.org\/","@type":"BreadcrumbList","itemListElement":[{"@type":"ListItem","position":1,"name":"Jak d\u016fle\u017eit\u00e1 je sebel\u00e1ska","item":"https:\/\/www.sammarkiewi.cz\/jak-dulezita-je-sebelaska\/#breadcrumbitem"}]}]