[{"@context":"https:\/\/schema.org\/","@type":"Article","@id":"https:\/\/www.sammarkiewi.cz\/dejte-svym-vlasum-druhou-sanci\/#Article","mainEntityOfPage":"https:\/\/www.sammarkiewi.cz\/dejte-svym-vlasum-druhou-sanci\/","headline":"Dejte sv\u00fdm vlas\u016fm druhou \u0161anci","name":"Dejte sv\u00fdm vlas\u016fm druhou \u0161anci","description":"&#13; Vlasy jsou chloubou ka\u017ed\u00e9 \u017eeny a podle jejich lesku a hebkosti se posuzovala kr\u00e1sa \u017eeny u\u017e od nepam\u011bti. Ka\u017ed\u00e1 \u017eena tou\u017e\u00ed m\u00edt vlasy v\u017edy \u010dist\u00e9 a p\u0159irozen\u011b objemn\u00e9, ne ka\u017ed\u00e1 m\u00e1 v\u0161ak k\u00a0takov\u00e9mu \u0161t\u011bst\u00ed genetick\u00e9 dispozice. \u010cast\u00fdm probl\u00e9mem, kter\u00fd vyvol\u00e1v\u00e1 n\u00e1sledn\u00e9 probl\u00e9my s\u00a0vlasy, je paradoxn\u011b samotn\u00e9 myt\u00ed. N\u011bkter\u00e9 \u017eeny se dokonce dostaly do takov\u00e9 [&hellip;]","datePublished":"2023-05-05","dateModified":"2023-05-05","author":{"@type":"Person","@id":"https:\/\/www.sammarkiewi.cz\/author\/#Person","name":"sammarkiewi.cz\n","url":"https:\/\/www.sammarkiewi.cz\/author\/","identifier":1,"image":{"@type":"ImageObject","@id":"https:\/\/secure.gravatar.com\/avatar\/64d58fab86512053c8bb518a6563e7284bb4a3422dc9af0106c3f39575364c7b?s=96&d=mm&r=g","url":"https:\/\/secure.gravatar.com\/avatar\/64d58fab86512053c8bb518a6563e7284bb4a3422dc9af0106c3f39575364c7b?s=96&d=mm&r=g","height":96,"width":96}},"publisher":{"@type":"Organization","name":"sammarkiewi.cz","logo":{"@type":"ImageObject","@id":"\/logo.png","url":"\/logo.png","width":600,"height":60}},"url":"https:\/\/www.sammarkiewi.cz\/dejte-svym-vlasum-druhou-sanci\/","about":["Kr\u00e1sa"],"wordCount":443,"articleBody":"&#13;\tVlasy jsou chloubou ka\u017ed\u00e9 \u017eeny a podle jejich lesku a hebkosti se posuzovala kr\u00e1sa \u017eeny u\u017e od nepam\u011bti. Ka\u017ed\u00e1 \u017eena tou\u017e\u00ed m\u00edt vlasy v\u017edy \u010dist\u00e9 a p\u0159irozen\u011b objemn\u00e9, ne ka\u017ed\u00e1 m\u00e1 v\u0161ak k\u00a0takov\u00e9mu \u0161t\u011bst\u00ed genetick\u00e9 dispozice. \u010cast\u00fdm probl\u00e9mem, kter\u00fd vyvol\u00e1v\u00e1 n\u00e1sledn\u00e9 probl\u00e9my s\u00a0vlasy, je paradoxn\u011b samotn\u00e9 myt\u00ed. N\u011bkter\u00e9 \u017eeny se dokonce dostaly do takov\u00e9 f\u00e1ze, kdy bez ka\u017edodenn\u00edho umyt\u00ed prakticky nemohou vyj\u00edt z\u00a0domu. Dejte si ale pozor na jednu v\u011bc. \u010c\u00edm \u010dast\u011bji se vlasy myj\u00ed, t\u00edm \u010dast\u011bji se tak\u00e9 mast\u00ed! Dne\u0161n\u00ed \u0161ampony toti\u017e poko\u017eku hlavy nakolik odmast\u00ed, \u017ee jej\u00ed jedinou obranou proti vysu\u0161en\u00ed je nadm\u011brn\u00e1 produkce mazu. A o tom my samoz\u0159ejm\u011b nestoj\u00edme. P\u0159esta\u0148te s\u00a0\u0161ampony, za\u010dn\u011bte se z\u00e1zra\u010dn\u00fdm marock\u00fdm j\u00edlem.&#13;&#13;\t\u0160ampon z\u00a0marock\u00e9ho j\u00edlu \u2013 souzn\u011bn\u00ed p\u0159\u00edrody a kr\u00e1sy&#13;&#13;\tSe\u017ee\u0148te si marock\u00fd j\u00edl a v\u00a0mal\u00e9 misti\u010dce rozm\u00edchejte p\u0159ibli\u017en\u011b dv\u011b l\u017e\u00edce tohoto pr\u00e1\u0161ku a se stejn\u00fdm mno\u017estv\u00edm vla\u017en\u00e9 vody. Mus\u00ed vzniknout \u0159\u00eddk\u00e1 ka\u0161i\u010dka, kterou budete n\u00e1sledn\u011b mas\u00edrovat ke ko\u0159\u00ednk\u016fm vlas\u016f. Nedivte se tomu, \u017ee tento \u0161ampon nep\u011bn\u00ed. Nen\u00ed toti\u017e slo\u017een z\u00a0\u017e\u00e1dn\u00fdm chemick\u00fdch l\u00e1tek, ale je \u010dist\u011b p\u0159\u00edrodn\u00ed povahy. Marock\u00fd j\u00edl m\u00e1 schopnost odmastit a vy\u010distit k\u016f\u017ei. V\u017edy\u0165 ho p\u0159i zkr\u00e1\u0161lovac\u00edch procedur\u00e1ch pou\u017e\u00edval i starov\u011bk\u00e9 Egyp\u0165anky.&#13;&#13;\tP\u0159idejte trochu arganov\u00e9ho oleje pro v\u00fd\u017eivu&#13;&#13;\tTo je toti\u017e dal\u0161\u00ed z\u00e1zrak na\u0161\u00ed p\u0159\u00edrody. Do Va\u0161eho \u0161amponu sta\u010d\u00ed p\u0159idat jen n\u011bkolik kapek a uvid\u00edte, jak to Va\u0161e vlasy o\u017eiv\u00ed. Zma\u0161t\u011bn\u00ed se b\u00e1t nemus\u00edte, je ho jen mal\u00e9 mno\u017estv\u00ed. Nav\u00edc obsahuje i velk\u00e9 mno\u017estv\u00ed vitam\u00edn\u016f, kter\u00e9 Va\u0161e vlasy dote\u010f postr\u00e1daly. Celou sm\u011bs naneste ke ko\u0159\u00ednk\u016fm vlas\u016f a nechte p\u011bt a\u017e deset minut p\u016fsobit. Pot\u00e9 vlasy d\u016fkladn\u011b opl\u00e1chn\u011bte vodou.&#13;&#13;\tJi\u017e po t\u00fddnu ka\u017edodenn\u00edho myt\u00ed (pokud pot\u0159ebujete m\u00fdt vlasy m\u00e9n\u011b \u010dast\u011bji, tak si to tomu p\u0159izp\u016fsobte) uvid\u00edte jasn\u00e9 pokroky. V\u0161imnete si, \u017ee vlasy se tolik nemast\u00ed a zvykaj\u00ed si na svou p\u0159irozenou povahu. Tohle za zkou\u0161ku ur\u010dit\u011b stoj\u00ed. U\u017e si d\u00e1le neni\u010dte vlasy chemick\u00fdmi \u0161ampony a vra\u0165te se t\u00edmto k\u00a0souzn\u011bn\u00ed s\u00a0p\u0159\u00edrodou, nebudete litovat!&#13;                                                                                                                                                                                                                                                                                                                                                                                        4.8\/5 - (9 votes)        "},{"@context":"https:\/\/schema.org\/","@type":"BreadcrumbList","itemListElement":[{"@type":"ListItem","position":1,"name":"Dejte sv\u00fdm vlas\u016fm druhou \u0161anci","item":"https:\/\/www.sammarkiewi.cz\/dejte-svym-vlasum-druhou-sanci\/#breadcrumbitem"}]}]